     {"id":6672,"date":"2018-03-06T00:00:00","date_gmt":"2018-03-05T22:00:00","guid":{"rendered":"http:\/\/www.altid.org.tr\/kategorilenmemis\/bagimsizliklarini-alanyada-kutlayacaklar\/"},"modified":"2018-07-13T15:23:21","modified_gmt":"2018-07-13T12:23:21","slug":"bagimsizliklarini-alanyada-kutlayacaklar","status":"publish","type":"post","link":"https:\/\/www.altid.org.tr\/en\/sektorel\/bagimsizliklarini-alanyada-kutlayacaklar\/","title":{"rendered":"(EN) \u2018Ba\u011f\u0131ms\u0131zl\u0131klar\u0131n\u0131 Alanya\u2019da kutlayacaklar\u2019"},"content":{"rendered":"<p class=\"qtranxs-available-languages-message qtranxs-available-languages-message-en\">Sorry, this entry is only available in <a href=\"https:\/\/www.altid.org.tr\/tr\/wp-json\/wp\/v2\/posts\/6672\" class=\"qtranxs-available-language-link qtranxs-available-language-link-tr\" title=\"Turkish\">Turkish<\/a>.<\/p>","protected":false},"excerpt":{"rendered":"<p class=\"qtranxs-available-languages-message qtranxs-available-languages-message-en\">Sorry, this entry is only available in <a href=\"https:\/\/www.altid.org.tr\/tr\/wp-json\/wp\/v2\/posts\/6672\" class=\"qtranxs-available-language-link qtranxs-available-language-link-tr\" title=\"Turkish\">Turkish<\/a>.<\/p>\n","protected":false},"author":1,"featured_media":6677,"comment_status":"closed","ping_status":"closed","sticky":false,"template":"","format":"standard","meta":{"footnotes":""},"categories":[44,43],"tags":[57,58],"class_list":["post-6672","post","type-post","status-publish","format-standard","has-post-thumbnail","hentry","category-alanya-hakkinda","category-sektorel","tag-fuar","tag-macaristan"],"_links":{"self":[{"href":"https:\/\/www.altid.org.tr\/en\/wp-json\/wp\/v2\/posts\/6672","targetHints":{"allow":["GET"]}}],"collection":[{"href":"https:\/\/www.altid.org.tr\/en\/wp-json\/wp\/v2\/posts"}],"about":[{"href":"https:\/\/www.altid.org.tr\/en\/wp-json\/wp\/v2\/types\/post"}],"author":[{"embeddable":true,"href":"https:\/\/www.altid.org.tr\/en\/wp-json\/wp\/v2\/users\/1"}],"replies":[{"embeddable":true,"href":"https:\/\/www.altid.org.tr\/en\/wp-json\/wp\/v2\/comments?post=6672"}],"version-history":[{"count":0,"href":"https:\/\/www.altid.org.tr\/en\/wp-json\/wp\/v2\/posts\/6672\/revisions"}],"wp:featuredmedia":[{"embeddable":true,"href":"https:\/\/www.altid.org.tr\/en\/wp-json\/wp\/v2\/media\/6677"}],"wp:attachment":[{"href":"https:\/\/www.altid.org.tr\/en\/wp-json\/wp\/v2\/media?parent=6672"}],"wp:term":[{"taxonomy":"category","embeddable":true,"href":"https:\/\/www.altid.org.tr\/en\/wp-json\/wp\/v2\/categories?post=6672"},{"taxonomy":"post_tag","embeddable":true,"href":"https:\/\/www.altid.org.tr\/en\/wp-json\/wp\/v2\/tags?post=6672"}],"curies":[{"name":"wp","href":"https:\/\/api.w.org\/{rel}","templated":true}]}}