     {"id":3023,"date":"2013-09-18T00:00:00","date_gmt":"2013-09-17T21:00:00","guid":{"rendered":"http:\/\/www.altid.org.tr\/kategorilenmemis\/alanya-heyeti-kardes-sehir-cin-fushunda\/"},"modified":"2018-09-12T17:19:19","modified_gmt":"2018-09-12T14:19:19","slug":"alanya-heyeti-kardes-sehir-cin-fushunda","status":"publish","type":"post","link":"https:\/\/www.altid.org.tr\/en\/sektorel\/alanya-heyeti-kardes-sehir-cin-fushunda\/","title":{"rendered":"(EN) Alanya Heyeti Karde\u015f \u015eehir \u00c7in \/ Fushun&#8217;da"},"content":{"rendered":"<p><html \/><\/p>","protected":false},"excerpt":{"rendered":"<p class=\"qtranxs-available-languages-message qtranxs-available-languages-message-en\">Sorry, this entry is only available in <a href=\"https:\/\/www.altid.org.tr\/tr\/wp-json\/wp\/v2\/posts\/3023\" class=\"qtranxs-available-language-link qtranxs-available-language-link-tr\" title=\"Turkish\">Turkish<\/a>.<\/p>\n","protected":false},"author":1,"featured_media":3030,"comment_status":"closed","ping_status":"closed","sticky":false,"template":"","format":"standard","meta":{"footnotes":""},"categories":[43,95],"tags":[],"class_list":["post-3023","post","type-post","status-publish","format-standard","has-post-thumbnail","hentry","category-sektorel","category-tanitim"],"_links":{"self":[{"href":"https:\/\/www.altid.org.tr\/en\/wp-json\/wp\/v2\/posts\/3023","targetHints":{"allow":["GET"]}}],"collection":[{"href":"https:\/\/www.altid.org.tr\/en\/wp-json\/wp\/v2\/posts"}],"about":[{"href":"https:\/\/www.altid.org.tr\/en\/wp-json\/wp\/v2\/types\/post"}],"author":[{"embeddable":true,"href":"https:\/\/www.altid.org.tr\/en\/wp-json\/wp\/v2\/users\/1"}],"replies":[{"embeddable":true,"href":"https:\/\/www.altid.org.tr\/en\/wp-json\/wp\/v2\/comments?post=3023"}],"version-history":[{"count":0,"href":"https:\/\/www.altid.org.tr\/en\/wp-json\/wp\/v2\/posts\/3023\/revisions"}],"wp:featuredmedia":[{"embeddable":true,"href":"https:\/\/www.altid.org.tr\/en\/wp-json\/wp\/v2\/media\/3030"}],"wp:attachment":[{"href":"https:\/\/www.altid.org.tr\/en\/wp-json\/wp\/v2\/media?parent=3023"}],"wp:term":[{"taxonomy":"category","embeddable":true,"href":"https:\/\/www.altid.org.tr\/en\/wp-json\/wp\/v2\/categories?post=3023"},{"taxonomy":"post_tag","embeddable":true,"href":"https:\/\/www.altid.org.tr\/en\/wp-json\/wp\/v2\/tags?post=3023"}],"curies":[{"name":"wp","href":"https:\/\/api.w.org\/{rel}","templated":true}]}}