     {"id":15377,"date":"2020-03-11T10:51:28","date_gmt":"2020-03-11T07:51:28","guid":{"rendered":"https:\/\/www.altid.org.tr\/?p=15377"},"modified":"2020-03-11T11:18:25","modified_gmt":"2020-03-11T08:18:25","slug":"20-alanya-ataturk-halk-kosusu-ve-yari-maratonu-yapildi","status":"publish","type":"post","link":"https:\/\/www.altid.org.tr\/en\/genel\/20-alanya-ataturk-halk-kosusu-ve-yari-maratonu-yapildi\/","title":{"rendered":"(Turkish) 20. Alanya Atat\u00fcrk Halk Ko\u015fusu ve Yar\u0131 Maratonu yap\u0131ld\u0131"},"content":{"rendered":"<p class=\"qtranxs-available-languages-message qtranxs-available-languages-message-en\">Sorry, this entry is only available in <a href=\"https:\/\/www.altid.org.tr\/tr\/wp-json\/wp\/v2\/posts\/15377\" class=\"qtranxs-available-language-link qtranxs-available-language-link-tr\" title=\"Turkish\">Turkish<\/a>.<\/p>","protected":false},"excerpt":{"rendered":"<p>Sorry, this entry is only available in Turkish.<\/p>\n","protected":false},"author":8,"featured_media":15378,"comment_status":"open","ping_status":"open","sticky":false,"template":"","format":"standard","meta":{"footnotes":""},"categories":[1],"tags":[125],"class_list":["post-15377","post","type-post","status-publish","format-standard","has-post-thumbnail","hentry","category-genel","tag-2020mart"],"_links":{"self":[{"href":"https:\/\/www.altid.org.tr\/en\/wp-json\/wp\/v2\/posts\/15377","targetHints":{"allow":["GET"]}}],"collection":[{"href":"https:\/\/www.altid.org.tr\/en\/wp-json\/wp\/v2\/posts"}],"about":[{"href":"https:\/\/www.altid.org.tr\/en\/wp-json\/wp\/v2\/types\/post"}],"author":[{"embeddable":true,"href":"https:\/\/www.altid.org.tr\/en\/wp-json\/wp\/v2\/users\/8"}],"replies":[{"embeddable":true,"href":"https:\/\/www.altid.org.tr\/en\/wp-json\/wp\/v2\/comments?post=15377"}],"version-history":[{"count":4,"href":"https:\/\/www.altid.org.tr\/en\/wp-json\/wp\/v2\/posts\/15377\/revisions"}],"predecessor-version":[{"id":15389,"href":"https:\/\/www.altid.org.tr\/en\/wp-json\/wp\/v2\/posts\/15377\/revisions\/15389"}],"wp:featuredmedia":[{"embeddable":true,"href":"https:\/\/www.altid.org.tr\/en\/wp-json\/wp\/v2\/media\/15378"}],"wp:attachment":[{"href":"https:\/\/www.altid.org.tr\/en\/wp-json\/wp\/v2\/media?parent=15377"}],"wp:term":[{"taxonomy":"category","embeddable":true,"href":"https:\/\/www.altid.org.tr\/en\/wp-json\/wp\/v2\/categories?post=15377"},{"taxonomy":"post_tag","embeddable":true,"href":"https:\/\/www.altid.org.tr\/en\/wp-json\/wp\/v2\/tags?post=15377"}],"curies":[{"name":"wp","href":"https:\/\/api.w.org\/{rel}","templated":true}]}}