     {"id":12008,"date":"2018-09-01T13:42:38","date_gmt":"2018-09-01T10:42:38","guid":{"rendered":"http:\/\/www.altid.org.tr\/?p=12008"},"modified":"2018-09-01T13:42:59","modified_gmt":"2018-09-01T10:42:59","slug":"tanitim-elcilerine-plaket-verildi","status":"publish","type":"post","link":"https:\/\/www.altid.org.tr\/en\/genel\/tanitim-elcilerine-plaket-verildi\/","title":{"rendered":"(Turkish) Tan\u0131t\u0131m el\u00e7ilerine plaket verildi"},"content":{"rendered":"<p class=\"qtranxs-available-languages-message qtranxs-available-languages-message-en\">Sorry, this entry is only available in <a href=\"https:\/\/www.altid.org.tr\/tr\/wp-json\/wp\/v2\/posts\/12008\" class=\"qtranxs-available-language-link qtranxs-available-language-link-tr\" title=\"Turkish\">Turkish<\/a>.<\/p>","protected":false},"excerpt":{"rendered":"<p>Sorry, this entry is only available in Turkish.<\/p>\n","protected":false},"author":8,"featured_media":12009,"comment_status":"open","ping_status":"open","sticky":false,"template":"","format":"standard","meta":{"footnotes":""},"categories":[1],"tags":[],"class_list":["post-12008","post","type-post","status-publish","format-standard","has-post-thumbnail","hentry","category-genel"],"_links":{"self":[{"href":"https:\/\/www.altid.org.tr\/en\/wp-json\/wp\/v2\/posts\/12008","targetHints":{"allow":["GET"]}}],"collection":[{"href":"https:\/\/www.altid.org.tr\/en\/wp-json\/wp\/v2\/posts"}],"about":[{"href":"https:\/\/www.altid.org.tr\/en\/wp-json\/wp\/v2\/types\/post"}],"author":[{"embeddable":true,"href":"https:\/\/www.altid.org.tr\/en\/wp-json\/wp\/v2\/users\/8"}],"replies":[{"embeddable":true,"href":"https:\/\/www.altid.org.tr\/en\/wp-json\/wp\/v2\/comments?post=12008"}],"version-history":[{"count":0,"href":"https:\/\/www.altid.org.tr\/en\/wp-json\/wp\/v2\/posts\/12008\/revisions"}],"wp:featuredmedia":[{"embeddable":true,"href":"https:\/\/www.altid.org.tr\/en\/wp-json\/wp\/v2\/media\/12009"}],"wp:attachment":[{"href":"https:\/\/www.altid.org.tr\/en\/wp-json\/wp\/v2\/media?parent=12008"}],"wp:term":[{"taxonomy":"category","embeddable":true,"href":"https:\/\/www.altid.org.tr\/en\/wp-json\/wp\/v2\/categories?post=12008"},{"taxonomy":"post_tag","embeddable":true,"href":"https:\/\/www.altid.org.tr\/en\/wp-json\/wp\/v2\/tags?post=12008"}],"curies":[{"name":"wp","href":"https:\/\/api.w.org\/{rel}","templated":true}]}}